{"id":9436,"date":"2022-06-27T21:04:42","date_gmt":"2022-06-28T01:04:42","guid":{"rendered":"http:\/\/www.ssccalameda.cl\/portal\/?p=9436"},"modified":"2022-07-07T10:54:59","modified_gmt":"2022-07-07T14:54:59","slug":"actividades-y-horarios-de-esta-semana","status":"publish","type":"post","link":"https:\/\/www.ssccalameda.cl\/portal\/actividades-y-horarios-de-esta-semana\/","title":{"rendered":"Actividades y horarios de fin del semestre"},"content":{"rendered":"\n<p>Estimada comunidad:<\/p>\n\n\n\n<p>Junto con saludarles y deseando que se encuentren con salud y \u00e1nimo, a continuaci\u00f3n, compartimos con ustedes informaci\u00f3n importante y de inter\u00e9s para todos:&nbsp;<\/p>\n\n\n\n<ol type=\"1\"><li><strong>Horario 29 de junio (\u00faltimo d\u00eda de clases del semestre)<\/strong><\/li><\/ol>\n\n\n\n<figure class=\"wp-block-table\"><table><tbody><tr><td>Ciclo<\/td><td>Horario de funcionamiento<\/td><\/tr><tr><td>Ciclo Inicial<\/td><td>8:00 a 11:45 hrs.<\/td><\/tr><tr><td>Ciclo Menor<\/td><td>8:00 a 12:05 hrs.<\/td><\/tr><tr><td>Ciclo Mayor<\/td><td>8:00 a 12:20 hrs.<\/td><\/tr><\/tbody><\/table><\/figure>\n\n\n\n<ul><li><strong>Horario Programa Recrea del d\u00eda 29 de junio<\/strong><\/li><\/ul>\n\n\n\n<figure class=\"wp-block-table\"><table><tbody><tr><td>Niveles<\/td><td>Horario de funcionamiento<\/td><\/tr><tr><td>Pre k\u00ednder y k\u00ednder<\/td><td>11:45 a 17:00 hrs.<\/td><\/tr><tr><td>1\u00b0 a 5\u00b0 b\u00e1sico<\/td><td>12:05 a 17:00 hrs.<\/td><\/tr><\/tbody><\/table><\/figure>\n\n\n\n<ul><li><strong>Talleres extraprogram\u00e1ticos<\/strong><\/li><\/ul>\n\n\n\n<p>El d\u00eda 29 de junio no se realizar\u00e1n talleres, los cuales se retoman a partir del d\u00eda lunes 25 de julio.<\/p>\n\n\n\n<ul><li><strong>Inicio de clases del segundo semestre<\/strong><\/li><\/ul>\n\n\n\n<p>Tal como lo hemos informado, el inicio del segundo semestre est\u00e1 programado para el <strong>lunes 25 de julio.<\/strong><\/p>\n\n\n\n<p>Deseamos que este tiempo de vacaciones, sea una instancia de encuentro familiar y de cuidado junto a los suyos. Como siempre, los encomendamos con cari\u00f1o a los Sagrados Corazones de Jes\u00fas y de Mar\u00eda.&nbsp;<\/p>\n\n\n\n<p>Con afecto,&nbsp;<\/p>\n\n\n\n<p class=\"has-text-align-center\">La Direcci\u00f3n<\/p>\n\n\n\n<div class=\"wp-block-file\"><a href=\"http:\/\/www.ssccalameda.cl\/portal\/wp-content\/uploads\/2022\/06\/Comunicado-Mieercoles-29-de-junio-1.pdf\">Ver comunicado versi\u00f3n PDF<\/a><a href=\"http:\/\/www.ssccalameda.cl\/portal\/wp-content\/uploads\/2022\/06\/Comunicado-Mieercoles-29-de-junio-1.pdf\" class=\"wp-block-file__button\" download><span class=\"has-inline-color has-white-color\">Descarga<\/span><\/a><\/div>\n","protected":false},"excerpt":{"rendered":"<p>Estimada comunidad: Junto con saludarles y deseando que se encuentren con salud y \u00e1nimo, a continuaci\u00f3n, compartimos con ustedes informaci\u00f3n importante y de inter\u00e9s para todos:&nbsp; Horario 29 de junio (\u00faltimo d\u00eda de clases del semestre) CicloHorario de funcionamientoCiclo Inicial8:00 a 11:45 hrs.Ciclo Menor8:00 a 12:05 hrs.Ciclo Mayor8:00 a 12:20 hrs. Horario Programa Recrea del &hellip;<\/p>\n","protected":false},"author":4,"featured_media":9442,"comment_status":"closed","ping_status":"closed","sticky":false,"template":"","format":"standard","meta":{"footnotes":""},"categories":[41],"tags":[],"_links":{"self":[{"href":"https:\/\/www.ssccalameda.cl\/portal\/wp-json\/wp\/v2\/posts\/9436"}],"collection":[{"href":"https:\/\/www.ssccalameda.cl\/portal\/wp-json\/wp\/v2\/posts"}],"about":[{"href":"https:\/\/www.ssccalameda.cl\/portal\/wp-json\/wp\/v2\/types\/post"}],"author":[{"embeddable":true,"href":"https:\/\/www.ssccalameda.cl\/portal\/wp-json\/wp\/v2\/users\/4"}],"replies":[{"embeddable":true,"href":"https:\/\/www.ssccalameda.cl\/portal\/wp-json\/wp\/v2\/comments?post=9436"}],"version-history":[{"count":1,"href":"https:\/\/www.ssccalameda.cl\/portal\/wp-json\/wp\/v2\/posts\/9436\/revisions"}],"predecessor-version":[{"id":9511,"href":"https:\/\/www.ssccalameda.cl\/portal\/wp-json\/wp\/v2\/posts\/9436\/revisions\/9511"}],"wp:featuredmedia":[{"embeddable":true,"href":"https:\/\/www.ssccalameda.cl\/portal\/wp-json\/wp\/v2\/media\/9442"}],"wp:attachment":[{"href":"https:\/\/www.ssccalameda.cl\/portal\/wp-json\/wp\/v2\/media?parent=9436"}],"wp:term":[{"taxonomy":"category","embeddable":true,"href":"https:\/\/www.ssccalameda.cl\/portal\/wp-json\/wp\/v2\/categories?post=9436"},{"taxonomy":"post_tag","embeddable":true,"href":"https:\/\/www.ssccalameda.cl\/portal\/wp-json\/wp\/v2\/tags?post=9436"}],"curies":[{"name":"wp","href":"https:\/\/api.w.org\/{rel}","templated":true}]}}