{"id":9776,"date":"2022-08-16T12:36:32","date_gmt":"2022-08-16T16:36:32","guid":{"rendered":"http:\/\/www.ssccalameda.cl\/portal\/?p=9776"},"modified":"2022-08-16T12:39:00","modified_gmt":"2022-08-16T16:39:00","slug":"comunicado-oficial-sobre-el-robo-ocurrido-en-el-colegio","status":"publish","type":"post","link":"https:\/\/www.ssccalameda.cl\/portal\/comunicado-oficial-sobre-el-robo-ocurrido-en-el-colegio\/","title":{"rendered":"Comunicado oficial sobre el robo ocurrido en el colegio"},"content":{"rendered":"\n<p>Estimada comunidad educativa:<\/p>\n\n\n\n<p>Junto con saludarles y esperando que hayan tenido un buen fin de semana con sus familias, nos dirigimos a ustedes para informarles que, durante este feriado, el colegio fue v\u00edctima de un robo que afect\u00f3 a diferentes dependencias.<\/p>\n\n\n\n<p>Queremos comunicarles que los hechos ya fueron debidamente denunciados y que personal de la 3era Comisar\u00eda de Carabineros de Santiago concurri\u00f3 al establecimiento para constatar el delito, cuyos antecedentes ser\u00e1n remitidos a la Fiscal\u00eda para realizar la investigaci\u00f3n respectiva.<\/p>\n\n\n\n<p>Hacemos un llamado a las familias a reforzar las medidas de autocuidado entre sus hijos e hijas, como asimismo recordarles que no deben traer ni dejar especies de valor en el colegio. Por nuestra parte, intensificaremos las acciones de seguridad al interior de la comunidad.<\/p>\n\n\n\n<p>Finalmente, nos comprometemos a mantenerlos\/as informados al respecto.<\/p>\n\n\n\n<p>Afectuosamente,<\/p>\n\n\n\n<p class=\"has-text-align-center\">La Direcci\u00f3n<\/p>\n\n\n\n<div class=\"wp-block-file\"><a href=\"http:\/\/www.ssccalameda.cl\/portal\/wp-content\/uploads\/2022\/08\/16082022.pdf\">16082022<\/a><a href=\"http:\/\/www.ssccalameda.cl\/portal\/wp-content\/uploads\/2022\/08\/16082022.pdf\" class=\"wp-block-file__button\" download><span class=\"has-inline-color has-white-color\">Descarga<\/span><\/a><\/div>\n\n\n\n<p><\/p>\n","protected":false},"excerpt":{"rendered":"<p>Estimada comunidad educativa: Junto con saludarles y esperando que hayan tenido un buen fin de semana con sus familias, nos dirigimos a ustedes para informarles que, durante este feriado, el colegio fue v\u00edctima de un robo que afect\u00f3 a diferentes dependencias. Queremos comunicarles que los hechos ya fueron debidamente denunciados y que personal de la &hellip;<\/p>\n","protected":false},"author":1,"featured_media":9780,"comment_status":"closed","ping_status":"closed","sticky":false,"template":"","format":"standard","meta":{"footnotes":""},"categories":[41],"tags":[],"_links":{"self":[{"href":"https:\/\/www.ssccalameda.cl\/portal\/wp-json\/wp\/v2\/posts\/9776"}],"collection":[{"href":"https:\/\/www.ssccalameda.cl\/portal\/wp-json\/wp\/v2\/posts"}],"about":[{"href":"https:\/\/www.ssccalameda.cl\/portal\/wp-json\/wp\/v2\/types\/post"}],"author":[{"embeddable":true,"href":"https:\/\/www.ssccalameda.cl\/portal\/wp-json\/wp\/v2\/users\/1"}],"replies":[{"embeddable":true,"href":"https:\/\/www.ssccalameda.cl\/portal\/wp-json\/wp\/v2\/comments?post=9776"}],"version-history":[{"count":1,"href":"https:\/\/www.ssccalameda.cl\/portal\/wp-json\/wp\/v2\/posts\/9776\/revisions"}],"predecessor-version":[{"id":9778,"href":"https:\/\/www.ssccalameda.cl\/portal\/wp-json\/wp\/v2\/posts\/9776\/revisions\/9778"}],"wp:featuredmedia":[{"embeddable":true,"href":"https:\/\/www.ssccalameda.cl\/portal\/wp-json\/wp\/v2\/media\/9780"}],"wp:attachment":[{"href":"https:\/\/www.ssccalameda.cl\/portal\/wp-json\/wp\/v2\/media?parent=9776"}],"wp:term":[{"taxonomy":"category","embeddable":true,"href":"https:\/\/www.ssccalameda.cl\/portal\/wp-json\/wp\/v2\/categories?post=9776"},{"taxonomy":"post_tag","embeddable":true,"href":"https:\/\/www.ssccalameda.cl\/portal\/wp-json\/wp\/v2\/tags?post=9776"}],"curies":[{"name":"wp","href":"https:\/\/api.w.org\/{rel}","templated":true}]}}