{"id":9806,"date":"2022-08-18T08:29:50","date_gmt":"2022-08-18T12:29:50","guid":{"rendered":"http:\/\/www.ssccalameda.cl\/portal\/?p=9806"},"modified":"2022-08-19T10:12:47","modified_gmt":"2022-08-19T14:12:47","slug":"campanas-de-ayuda-en-el-mes-de-la-solidaridad","status":"publish","type":"post","link":"https:\/\/www.ssccalameda.cl\/portal\/campanas-de-ayuda-en-el-mes-de-la-solidaridad\/","title":{"rendered":"Campa\u00f1as de ayuda"},"content":{"rendered":"\n<p>Recuerda que el colegio, gracias a la gesti\u00f3n y apoyo del \u00c1rea de Pastoral de la Vicerrector\u00eda de Formaci\u00f3n, est\u00e1 impulsando las siguientes campa\u00f1as de ayuda:<\/p>\n\n\n\n<ul><li><strong><em>#S\u00famaleAMisA\u00f1os!, Hogar Esp\u00edritu Santo de la Fundaci\u00f3n San Vicente de Paul<\/em><\/strong><\/li><\/ul>\n\n\n\n<p><em>La colecta <\/em>f\u00edsica se realizar\u00e1 el d\u00eda viernes 19 de agosto desde las 8 de la ma\u00f1ana, ingresar\u00e1n 10 voluntarios m\u00e1s un profesor encargado. Tambi\u00e9n se puede donar a trav\u00e9s de <a href=\"https:\/\/colectassvp.donando.cl\/\">https:\/\/colectassvp.donando.cl\/<\/a><\/p>\n\n\n\n<p>El dinero que se recaude ayudar\u00e1 a financiar talleres y actividades para la rehabilitaci\u00f3n integral de los adultos mayores que, producto de la pandemia, han sufrido una importante aceleraci\u00f3n en su deterioro f\u00edsico y cognitivo.<\/p>\n\n\n\n<ul><li><strong>Yo dono, yo ayudo, Misiones SSCC (hasta el 19 de agosto)<\/strong><\/li><\/ul>\n\n\n\n<p>Lleva tu gorro, parka o guantes en buen estado y depos\u00edtalos en los canastos ubicados a la entrada del colegio o en la puerta de Pastoral para abrigar a personas en situaci\u00f3n de calle.<\/p>\n\n\n\n<figure class=\"wp-block-image size-medium\"><img loading=\"lazy\" decoding=\"async\" width=\"300\" height=\"169\" src=\"http:\/\/www.ssccalameda.cl\/portal\/wp-content\/uploads\/2022\/08\/WhatsApp-Image-2022-08-17-at-8.13.47-PM-300x169.jpeg\" alt=\"\" class=\"wp-image-9807\" srcset=\"https:\/\/www.ssccalameda.cl\/portal\/wp-content\/uploads\/2022\/08\/WhatsApp-Image-2022-08-17-at-8.13.47-PM-300x169.jpeg 300w, https:\/\/www.ssccalameda.cl\/portal\/wp-content\/uploads\/2022\/08\/WhatsApp-Image-2022-08-17-at-8.13.47-PM-1024x577.jpeg 1024w, https:\/\/www.ssccalameda.cl\/portal\/wp-content\/uploads\/2022\/08\/WhatsApp-Image-2022-08-17-at-8.13.47-PM-768x433.jpeg 768w, https:\/\/www.ssccalameda.cl\/portal\/wp-content\/uploads\/2022\/08\/WhatsApp-Image-2022-08-17-at-8.13.47-PM.jpeg 1136w\" sizes=\"(max-width: 300px) 100vw, 300px\" \/><\/figure>\n\n\n\n<figure class=\"wp-block-image size-medium\"><img loading=\"lazy\" decoding=\"async\" width=\"300\" height=\"300\" src=\"http:\/\/www.ssccalameda.cl\/portal\/wp-content\/uploads\/2022\/08\/Copia-de-Misa-de-3\u00b0-y-4\u00b0-Basico-300x300.png\" alt=\"\" class=\"wp-image-9808\" srcset=\"https:\/\/www.ssccalameda.cl\/portal\/wp-content\/uploads\/2022\/08\/Copia-de-Misa-de-3\u00b0-y-4\u00b0-Basico-300x300.png 300w, https:\/\/www.ssccalameda.cl\/portal\/wp-content\/uploads\/2022\/08\/Copia-de-Misa-de-3\u00b0-y-4\u00b0-Basico-1024x1024.png 1024w, https:\/\/www.ssccalameda.cl\/portal\/wp-content\/uploads\/2022\/08\/Copia-de-Misa-de-3\u00b0-y-4\u00b0-Basico-150x150.png 150w, https:\/\/www.ssccalameda.cl\/portal\/wp-content\/uploads\/2022\/08\/Copia-de-Misa-de-3\u00b0-y-4\u00b0-Basico-768x768.png 768w, https:\/\/www.ssccalameda.cl\/portal\/wp-content\/uploads\/2022\/08\/Copia-de-Misa-de-3\u00b0-y-4\u00b0-Basico.png 1080w\" sizes=\"(max-width: 300px) 100vw, 300px\" \/><\/figure>\n\n\n\n<div class=\"wp-block-file\"><a href=\"http:\/\/www.ssccalameda.cl\/portal\/wp-content\/uploads\/2022\/08\/18082022Campanas-de-ayuda-en-el-mes-de-la-solidaridad.pdf\">18082022 Mes-de-la-solidaridad<\/a><a href=\"http:\/\/www.ssccalameda.cl\/portal\/wp-content\/uploads\/2022\/08\/18082022Campanas-de-ayuda-en-el-mes-de-la-solidaridad.pdf\" class=\"wp-block-file__button\" download><span class=\"has-inline-color has-white-color\">Descarga<\/span><\/a><\/div>\n\n\n\n<p><\/p>\n","protected":false},"excerpt":{"rendered":"<p>Recuerda que el colegio, gracias a la gesti\u00f3n y apoyo del \u00c1rea de Pastoral de la Vicerrector\u00eda de Formaci\u00f3n, est\u00e1 impulsando las siguientes campa\u00f1as de ayuda: #S\u00famaleAMisA\u00f1os!, Hogar Esp\u00edritu Santo de la Fundaci\u00f3n San Vicente de Paul La colecta f\u00edsica se realizar\u00e1 el d\u00eda viernes 19 de agosto desde las 8 de la ma\u00f1ana, ingresar\u00e1n &hellip;<\/p>\n","protected":false},"author":4,"featured_media":9810,"comment_status":"closed","ping_status":"closed","sticky":false,"template":"","format":"standard","meta":{"footnotes":""},"categories":[41],"tags":[],"_links":{"self":[{"href":"https:\/\/www.ssccalameda.cl\/portal\/wp-json\/wp\/v2\/posts\/9806"}],"collection":[{"href":"https:\/\/www.ssccalameda.cl\/portal\/wp-json\/wp\/v2\/posts"}],"about":[{"href":"https:\/\/www.ssccalameda.cl\/portal\/wp-json\/wp\/v2\/types\/post"}],"author":[{"embeddable":true,"href":"https:\/\/www.ssccalameda.cl\/portal\/wp-json\/wp\/v2\/users\/4"}],"replies":[{"embeddable":true,"href":"https:\/\/www.ssccalameda.cl\/portal\/wp-json\/wp\/v2\/comments?post=9806"}],"version-history":[{"count":1,"href":"https:\/\/www.ssccalameda.cl\/portal\/wp-json\/wp\/v2\/posts\/9806\/revisions"}],"predecessor-version":[{"id":9932,"href":"https:\/\/www.ssccalameda.cl\/portal\/wp-json\/wp\/v2\/posts\/9806\/revisions\/9932"}],"wp:featuredmedia":[{"embeddable":true,"href":"https:\/\/www.ssccalameda.cl\/portal\/wp-json\/wp\/v2\/media\/9810"}],"wp:attachment":[{"href":"https:\/\/www.ssccalameda.cl\/portal\/wp-json\/wp\/v2\/media?parent=9806"}],"wp:term":[{"taxonomy":"category","embeddable":true,"href":"https:\/\/www.ssccalameda.cl\/portal\/wp-json\/wp\/v2\/categories?post=9806"},{"taxonomy":"post_tag","embeddable":true,"href":"https:\/\/www.ssccalameda.cl\/portal\/wp-json\/wp\/v2\/tags?post=9806"}],"curies":[{"name":"wp","href":"https:\/\/api.w.org\/{rel}","templated":true}]}}