{"id":9926,"date":"2022-08-19T10:06:42","date_gmt":"2022-08-19T14:06:42","guid":{"rendered":"http:\/\/www.ssccalameda.cl\/portal\/?p=9926"},"modified":"2022-08-19T10:09:33","modified_gmt":"2022-08-19T14:09:33","slug":"formacion-de-mediadores-del-ciclo-mayor","status":"publish","type":"post","link":"https:\/\/www.ssccalameda.cl\/portal\/formacion-de-mediadores-del-ciclo-mayor\/","title":{"rendered":"Formaci\u00f3n de mediadores del Ciclo Mayor"},"content":{"rendered":"\n<p>Estimadas familias:<\/p>\n\n\n\n<p>El \u00c1rea de Convivencia Escolar y Prevenci\u00f3n de la Vicerrector\u00eda de Formaci\u00f3n dentro de su Plan Anual de gesti\u00f3n de la convivencia escolar, contempla desde varios a\u00f1os un proceso de formaci\u00f3n de estudiantes mediadores\/as que, este semestre, tiene su foco en el Ciclo Mayor (7\u00b0 B\u00e1sico a III Medio).<\/p>\n\n\n\n<p>Esta iniciativa formativa se encuentra en sinton\u00eda con la formaci\u00f3n integral que promueve el colegio, adem\u00e1s de constituirse en una instancia preventiva frente al maltrato escolar, ya que proporciona herramientas a los y las estudiantes participantes, tales como:<\/p>\n\n\n\n<ul><li>Entender y aplicar el di\u00e1logo como una alternativa real en la soluci\u00f3n de un conflicto escolar.<\/li><li>Fortalecer los contextos cooperativos en las relaciones interpersonales entre los mismos estudiantes.<\/li><li>Desarrollar habilidades de autorregulaci\u00f3n y autocontrol, que son recursos claves para favorecer la vida escolar.<\/li><\/ul>\n\n\n\n<p>Junto a ello, queremos se\u00f1alarles que este proceso formativo busca <strong>ampliar las habilidades y destrezas sociales de sus hijos e hijas y, en ning\u00fan caso, responsabilizarlos de la gesti\u00f3n del conflicto escolar<\/strong> de sus cursos, cuya tarea es de los educadores\/as del colegio.<\/p>\n\n\n\n<p>El proceso contempla:<\/p>\n\n\n\n<figure class=\"wp-block-table\"><table><tbody><tr><td>Sesi\u00f3n 1: Bienvenida de Mediadores\/as: Entendiendo la mediaci\u00f3n.<\/td><td>22 de agosto<\/td><td>9:50 a 11:20<\/td><td>Sal\u00f3n Arca<\/td><\/tr><tr><td>Sesi\u00f3n 2: Conociendo los conflictos y revisi\u00f3n de casos.<\/td><td>24 de agosto<\/td><td>9:50 a 11:20<\/td><td>Sal\u00f3n Irarr\u00e1zaval<\/td><\/tr><\/tbody><\/table><\/figure>\n\n\n\n<p>Como comunidad escolar, consideramos la cultura de mediaci\u00f3n como una gran estrategia de prevenci\u00f3n, permiti\u00e9ndonos asumir una mirada m\u00e1s positiva del conflicto y como algo natural en las relacionas humanas.<\/p>\n\n\n\n<p>Es por ello que motivamos la participaci\u00f3n de sus hijos e hijas en esta instancia formativa.<\/p>\n\n\n\n<p>Afectuosamente,<\/p>\n\n\n\n<p class=\"has-text-align-center\"><strong>Equipo de Convivencia Escolar y Prevenci\u00f3n<\/strong><\/p>\n\n\n\n<p class=\"has-text-align-center\"><strong>Vicerrector\u00eda de Formaci\u00f3n<\/strong><\/p>\n\n\n\n<div class=\"wp-block-file\"><a href=\"http:\/\/www.ssccalameda.cl\/portal\/wp-content\/uploads\/2022\/08\/19082022_Mediadores-ciclo-mayor.pdf\">19082022_Mediadores-ciclo-mayor<\/a><a href=\"http:\/\/www.ssccalameda.cl\/portal\/wp-content\/uploads\/2022\/08\/19082022_Mediadores-ciclo-mayor.pdf\" class=\"wp-block-file__button\" download><span class=\"has-inline-color has-white-color\">Descarga<\/span><\/a><\/div>\n","protected":false},"excerpt":{"rendered":"<p>Estimadas familias: El \u00c1rea de Convivencia Escolar y Prevenci\u00f3n de la Vicerrector\u00eda de Formaci\u00f3n dentro de su Plan Anual de gesti\u00f3n de la convivencia escolar, contempla desde varios a\u00f1os un proceso de formaci\u00f3n de estudiantes mediadores\/as que, este semestre, tiene su foco en el Ciclo Mayor (7\u00b0 B\u00e1sico a III Medio). Esta iniciativa formativa se &hellip;<\/p>\n","protected":false},"author":4,"featured_media":9930,"comment_status":"closed","ping_status":"closed","sticky":false,"template":"","format":"standard","meta":{"footnotes":""},"categories":[41],"tags":[],"_links":{"self":[{"href":"https:\/\/www.ssccalameda.cl\/portal\/wp-json\/wp\/v2\/posts\/9926"}],"collection":[{"href":"https:\/\/www.ssccalameda.cl\/portal\/wp-json\/wp\/v2\/posts"}],"about":[{"href":"https:\/\/www.ssccalameda.cl\/portal\/wp-json\/wp\/v2\/types\/post"}],"author":[{"embeddable":true,"href":"https:\/\/www.ssccalameda.cl\/portal\/wp-json\/wp\/v2\/users\/4"}],"replies":[{"embeddable":true,"href":"https:\/\/www.ssccalameda.cl\/portal\/wp-json\/wp\/v2\/comments?post=9926"}],"version-history":[{"count":1,"href":"https:\/\/www.ssccalameda.cl\/portal\/wp-json\/wp\/v2\/posts\/9926\/revisions"}],"predecessor-version":[{"id":9931,"href":"https:\/\/www.ssccalameda.cl\/portal\/wp-json\/wp\/v2\/posts\/9926\/revisions\/9931"}],"wp:featuredmedia":[{"embeddable":true,"href":"https:\/\/www.ssccalameda.cl\/portal\/wp-json\/wp\/v2\/media\/9930"}],"wp:attachment":[{"href":"https:\/\/www.ssccalameda.cl\/portal\/wp-json\/wp\/v2\/media?parent=9926"}],"wp:term":[{"taxonomy":"category","embeddable":true,"href":"https:\/\/www.ssccalameda.cl\/portal\/wp-json\/wp\/v2\/categories?post=9926"},{"taxonomy":"post_tag","embeddable":true,"href":"https:\/\/www.ssccalameda.cl\/portal\/wp-json\/wp\/v2\/tags?post=9926"}],"curies":[{"name":"wp","href":"https:\/\/api.w.org\/{rel}","templated":true}]}}